{"@context":"https:\/\/schema.org\/","@type":"CollectionPage","@id":"https:\/\/www.taw.sk\/online\/#CollectionPage","headline":"Online Category","description":"","url":"https:\/\/www.taw.sk\/online\/","hasPart":[{"@type":"Article","@id":"https:\/\/www.taw.sk\/preco-ma-zvysena-fragmentacia-zariadenia-pozitivny-vplyv-na-zacielenie-mobilnych-reklam\/","headline":"Pre\u010do m\u00e1 zv\u00fd\u0161en\u00e1 fragment\u00e1cia zariadenia pozit\u00edvny vplyv na zacielenie mobiln\u00fdch rekl\u00e1m","url":"https:\/\/www.taw.sk\/preco-ma-zvysena-fragmentacia-zariadenia-pozitivny-vplyv-na-zacielenie-mobilnych-reklam\/","datePublished":"2019-08-24","dateModified":"2019-08-24","mainEntityOfPage":"https:\/\/www.taw.sk\/preco-ma-zvysena-fragmentacia-zariadenia-pozitivny-vplyv-na-zacielenie-mobilnych-reklam\/","author":{"@type":"Person","@id":"https:\/\/www.taw.sk\/author\/#Person","name":"","url":"https:\/\/www.taw.sk\/author\/","identifier":1,"image":{"@type":"ImageObject","@id":"https:\/\/secure.gravatar.com\/avatar\/4e6a74466e4227c12d5306875d08720cdfce3572213740db6f4a2e5e46e710ff?s=96&d=mm&r=g","url":"https:\/\/secure.gravatar.com\/avatar\/4e6a74466e4227c12d5306875d08720cdfce3572213740db6f4a2e5e46e710ff?s=96&d=mm&r=g","height":96,"width":96}},"publisher":{"@type":"Organization","name":"taw.sk","logo":{"@type":"ImageObject","@id":"\/logo.png","url":"\/logo.png","width":600,"height":60}},"image":{"@type":"ImageObject","@id":"https:\/\/www.taw.sk\/wp-content\/uploads\/img_a305423_w16851_t1566828876.jpg","url":"https:\/\/www.taw.sk\/wp-content\/uploads\/img_a305423_w16851_t1566828876.jpg","height":0,"width":0},"keywords":null}]}